
{"id":6115,"date":"2025-09-08T13:59:14","date_gmt":"2025-09-08T11:59:14","guid":{"rendered":"https:\/\/itgirls.org.pl\/?p=6115"},"modified":"2025-09-08T14:06:04","modified_gmt":"2025-09-08T12:06:04","slug":"nasze-prezeski-nominowane-w-plebiscycie-wszechmocne","status":"publish","type":"post","link":"https:\/\/itgirls.org.pl\/en\/nasze-prezeski-nominowane-w-plebiscycie-wszechmocne\/","title":{"rendered":"Nasze prezeski nominowane w plebiscycie Wszechmocne 2025 \u2013 w kategorii \u201eNauka\u201d!"},"content":{"rendered":"<div data-elementor-type=\"wp-post\" data-elementor-id=\"6115\" class=\"elementor elementor-6115\" data-elementor-post-type=\"post\">\n\t\t\t\t<div class=\"elementor-element elementor-element-8a8ebb5 e-flex e-con-boxed e-con e-parent\" data-id=\"8a8ebb5\" data-element_type=\"container\">\n\t\t\t\t\t<div class=\"e-con-inner\">\n\t\t\t\t<div class=\"elementor-element elementor-element-9372955 elementor-widget elementor-widget-text-editor\" data-id=\"9372955\" data-element_type=\"widget\" data-widget_type=\"text-editor.default\">\n\t\t\t\t<div class=\"elementor-widget-container\">\n\t\t\t\t\t\t\t\t\t<p>Z ogromn\u0105 rado\u015bci\u0105 i dum\u0105 informujemy, \u017ce wsp\u00f3\u0142za\u0142o\u017cycielki i prezeski Fundacji IT Girls \u2013 Wiola i Ada Klimczak \u2013 zosta\u0142y nominowane w presti\u017cowym plebiscycie Wszechmocne 2024, organizowanym przez redakcj\u0119 WP Kobieta. Nominacja dotyczy kategorii \u201eNauka\u201d, co dla nas \u2013 ca\u0142ego zespo\u0142u Fundacji \u2013 ma szczeg\u00f3lne znaczenie.<\/p>\n<p>To wyr\u00f3\u017cnienie nie tylko docenia ich indywidualne zaanga\u017cowanie i pasj\u0119, ale te\u017c stanowi symboliczne uhonorowanie wielu lat pracy na rzecz edukacji, r\u00f3\u017cnorodno\u015bci i r\u00f3wno\u015bci w dost\u0119pie do nowych technologii.<\/p>\n<p><!-- notionvc: 63c9cdfc-296e-462e-bfb8-439c8f0121b6 --><\/p>\t\t\t\t\t\t\t\t<\/div>\n\t\t\t\t<\/div>\n\t\t\t\t<div class=\"elementor-element elementor-element-1bcb397 elementor-widget elementor-widget-button\" data-id=\"1bcb397\" data-element_type=\"widget\" data-widget_type=\"button.default\">\n\t\t\t\t<div class=\"elementor-widget-container\">\n\t\t\t\t\t\t\t\t\t<div class=\"elementor-button-wrapper\">\n\t\t\t\t\t<a class=\"elementor-button elementor-button-link elementor-size-sm\" href=\"https:\/\/wszechmocne.wp.pl\/artykul\/wszechmocne-w-nauce\" target=\"_blank\">\n\t\t\t\t\t\t<span class=\"elementor-button-content-wrapper\">\n\t\t\t\t\t\t\t\t\t<span class=\"elementor-button-text\">G\u0142osuj w plebiscycie<\/span>\n\t\t\t\t\t<\/span>\n\t\t\t\t\t<\/a>\n\t\t\t\t<\/div>\n\t\t\t\t\t\t\t\t<\/div>\n\t\t\t\t<\/div>\n\t\t\t\t<div class=\"elementor-element elementor-element-1cdfff4 elementor-widget elementor-widget-text-editor\" data-id=\"1cdfff4\" data-element_type=\"widget\" data-widget_type=\"text-editor.default\">\n\t\t\t\t<div class=\"elementor-widget-container\">\n\t\t\t\t\t\t\t\t\t<h3 data-start=\"763\" data-end=\"810\">Technologia dla ka\u017cdego, nauka bez barier<\/h3><p data-start=\"812\" data-end=\"1040\">Od pocz\u0105tku istnienia Fundacji IT Girls misj\u0105 Wioli i Ady by\u0142o tworzenie przestrzeni, w kt\u00f3rej <strong data-start=\"907\" data-end=\"1038\">dzieci i m\u0142odzie\u017c \u2013 niezale\u017cnie od p\u0142ci \u2013 mog\u0105 poznawa\u0107 \u015bwiat technologii, rozwija\u0107 swoje umiej\u0119tno\u015bci i budowa\u0107 pewno\u015b\u0107 siebie<\/strong>.<\/p><p data-start=\"1042\" data-end=\"1290\">Wierzymy, \u017ce nauka zaczyna si\u0119 od <strong data-start=\"1076\" data-end=\"1090\">ciekawo\u015bci<\/strong>, a zmiana \u2013 od <strong data-start=\"1106\" data-end=\"1119\">dzia\u0142ania<\/strong>. Dlatego nasze programy edukacyjne, warsztaty i inicjatywy s\u0105 projektowane tak, by \u0142\u0105czy\u0107 merytoryczn\u0105 wiedz\u0119 z dost\u0119pno\u015bci\u0105, r\u00f3\u017cnorodno\u015bci\u0105 i realnym wp\u0142ywem spo\u0142ecznym.<\/p><h3 data-start=\"1292\" data-end=\"1346\">Nominacja, kt\u00f3ra inspiruje do dalszego dzia\u0142ania<\/h3><p data-start=\"1348\" data-end=\"1568\">Dla nas ta nominacja to co\u015b wi\u0119cej ni\u017c tytu\u0142. To znak, \u017ce warto pr\u00f3bowa\u0107 \u2013 nawet je\u015bli pocz\u0105tki s\u0105 niepewne, nawet je\u015bli droga jest pe\u0142na wyzwa\u0144. To potwierdzenie, \u017ce dzia\u0142ania oddolne maj\u0105 moc zmieniania rzeczywisto\u015bci.<\/p><p data-start=\"1570\" data-end=\"1727\">Jeste\u015bmy przekonani, \u017ce <strong data-start=\"1594\" data-end=\"1632\">r\u00f3\u017cnorodno\u015b\u0107 w nauce i technologii<\/strong> to nie tylko cel \u2013 to konieczno\u015b\u0107. A takie wyr\u00f3\u017cnienia daj\u0105 nam si\u0142\u0119, by si\u0119ga\u0107 jeszcze dalej.<\/p><h3 data-start=\"1729\" data-end=\"1750\">Jak mo\u017cesz pom\u00f3c?<\/h3><p data-start=\"1752\" data-end=\"1941\">Je\u015bli podzielasz nasze warto\u015bci i wierzysz, \u017ce \u015bwiat technologii powinien by\u0107 otwarty dla wszystkich \u2013 <strong data-start=\"1855\" data-end=\"1938\">zach\u0119camy Ci\u0119 do oddania g\u0142osu na nasze prezeski w plebiscycie Wszechmocne 2025<\/strong>.<\/p><p data-start=\"1943\" data-end=\"2025\">\ud83d\udc49 <strong data-start=\"1946\" data-end=\"1992\">G\u0142osowa\u0107 mo\u017cna codziennie<\/strong><\/p><p data-start=\"2027\" data-end=\"2284\">Dzi\u0119kujemy za ka\u017cde wsparcie \u2013 razem mo\u017cemy dotrze\u0107 do jeszcze wi\u0119kszej liczby dzieci i m\u0142odzie\u017cy, kt\u00f3re dzi\u0119ki nauce i technologii odnajd\u0105 swoje miejsce w przysz\u0142o\u015bci.<br data-start=\"2195\" data-end=\"2198\" \/>I \u2013 kto wie \u2013 mo\u017ce to w\u0142a\u015bnie w\u015br\u00f3d nich rosn\u0105 kolejne <strong data-start=\"2253\" data-end=\"2281\">wszechmocne umys\u0142y nauki<\/strong>.<\/p>\t\t\t\t\t\t\t\t<\/div>\n\t\t\t\t<\/div>\n\t\t\t\t<div class=\"elementor-element elementor-element-024a1ba elementor-widget elementor-widget-button\" data-id=\"024a1ba\" data-element_type=\"widget\" data-widget_type=\"button.default\">\n\t\t\t\t<div class=\"elementor-widget-container\">\n\t\t\t\t\t\t\t\t\t<div class=\"elementor-button-wrapper\">\n\t\t\t\t\t<a class=\"elementor-button elementor-button-link elementor-size-sm\" href=\"https:\/\/wszechmocne.wp.pl\/artykul\/wszechmocne-w-nauce\" target=\"_blank\">\n\t\t\t\t\t\t<span class=\"elementor-button-content-wrapper\">\n\t\t\t\t\t\t\t\t\t<span class=\"elementor-button-text\">G\u0142osuj w plebiscycie<\/span>\n\t\t\t\t\t<\/span>\n\t\t\t\t\t<\/a>\n\t\t\t\t<\/div>\n\t\t\t\t\t\t\t\t<\/div>\n\t\t\t\t<\/div>\n\t\t\t\t\t<\/div>\n\t\t\t\t<\/div>\n\t\t\t\t<\/div>","protected":false},"excerpt":{"rendered":"<p>Z ogromn\u0105 rado\u015bci\u0105 i dum\u0105 informujemy, \u017ce wsp\u00f3\u0142za\u0142o\u017cycielki i prezeski Fundacji IT Girls \u2013 **Wiola i Ada Klimczak** \u2013 zosta\u0142y nominowane w presti\u017cowym plebiscycie **Wszechmocne 2024**, organizowanym przez redakcj\u0119 **WP Kobieta**. Nominacja dotyczy kategorii **\u201eNauka\u201d**, co dla nas \u2013 ca\u0142ego zespo\u0142u Fundacji \u2013 ma szczeg\u00f3lne znaczenie.<\/p>\n<p>To wyr\u00f3\u017cnienie nie tylko docenia ich indywidualne zaanga\u017cowanie i pasj\u0119, ale te\u017c stanowi symboliczne uhonorowanie wielu lat pracy na rzecz edukacji, r\u00f3\u017cnorodno\u015bci i r\u00f3wno\u015bci w dost\u0119pie do nowych technologii.<\/p>","protected":false},"author":3,"featured_media":6116,"comment_status":"closed","ping_status":"closed","sticky":false,"template":"","format":"standard","meta":{"give_campaign_id":0,"footnotes":""},"categories":[30,46],"tags":[],"class_list":["post-6115","post","type-post","status-publish","format-standard","has-post-thumbnail","hentry","category-dorosli","category-media"],"blocksy_meta":[],"yoast_head":"<!-- This site is optimized with the Yoast SEO plugin v25.5 - https:\/\/yoast.com\/wordpress\/plugins\/seo\/ -->\n<title>Nasze prezeski nominowane w plebiscycie Wszechmocne 2025 \u2013 w kategorii \u201eNauka\u201d! - Fundacja IT Girls<\/title>\n<meta name=\"description\" content=\"Z ogromn\u0105 rado\u015bci\u0105 i dum\u0105 informujemy, \u017ce wsp\u00f3\u0142za\u0142o\u017cycielki i prezeski Fundacji IT Girls \u2013 Wiola i Ada Klimczak \u2013 zosta\u0142y nominowane w presti\u017cowym plebiscycie Wszechmocne 2024, organizowanym przez redakcj\u0119 WP Kobieta. Nominacja dotyczy kategorii \u201eNauka\u201d, co dla nas \u2013 ca\u0142ego zespo\u0142u Fundacji \u2013 ma szczeg\u00f3lne znaczenie.To wyr\u00f3\u017cnienie nie tylko docenia ich indywidualne zaanga\u017cowanie i pasj\u0119, ale te\u017c stanowi symboliczne uhonorowanie wielu lat pracy na rzecz edukacji, r\u00f3\u017cnorodno\u015bci i r\u00f3wno\u015bci w dost\u0119pie do nowych technologii.\" \/>\n<meta name=\"robots\" content=\"index, follow, max-snippet:-1, max-image-preview:large, max-video-preview:-1\" \/>\n<link rel=\"canonical\" href=\"https:\/\/itgirls.org.pl\/en\/nasze-prezeski-nominowane-w-plebiscycie-wszechmocne\/\" \/>\n<meta property=\"og:locale\" content=\"en_GB\" \/>\n<meta property=\"og:type\" content=\"article\" \/>\n<meta property=\"og:title\" content=\"Nasze prezeski nominowane w plebiscycie Wszechmocne 2025 \u2013 w kategorii \u201eNauka\u201d! - Fundacja IT Girls\" \/>\n<meta property=\"og:description\" content=\"Z ogromn\u0105 rado\u015bci\u0105 i dum\u0105 informujemy, \u017ce wsp\u00f3\u0142za\u0142o\u017cycielki i prezeski Fundacji IT Girls \u2013 Wiola i Ada Klimczak \u2013 zosta\u0142y nominowane w presti\u017cowym plebiscycie Wszechmocne 2024, organizowanym przez redakcj\u0119 WP Kobieta. Nominacja dotyczy kategorii \u201eNauka\u201d, co dla nas \u2013 ca\u0142ego zespo\u0142u Fundacji \u2013 ma szczeg\u00f3lne znaczenie.To wyr\u00f3\u017cnienie nie tylko docenia ich indywidualne zaanga\u017cowanie i pasj\u0119, ale te\u017c stanowi symboliczne uhonorowanie wielu lat pracy na rzecz edukacji, r\u00f3\u017cnorodno\u015bci i r\u00f3wno\u015bci w dost\u0119pie do nowych technologii.\" \/>\n<meta property=\"og:url\" content=\"https:\/\/itgirls.org.pl\/en\/nasze-prezeski-nominowane-w-plebiscycie-wszechmocne\/\" \/>\n<meta property=\"og:site_name\" content=\"Fundacja IT Girls\" \/>\n<meta property=\"article:published_time\" content=\"2025-09-08T11:59:14+00:00\" \/>\n<meta property=\"article:modified_time\" content=\"2025-09-08T12:06:04+00:00\" \/>\n<meta property=\"og:image\" content=\"https:\/\/itgirls.org.pl\/wp-content\/uploads\/2025\/09\/AdaWiolaKlimczak.jpg\" \/>\n\t<meta property=\"og:image:width\" content=\"1620\" \/>\n\t<meta property=\"og:image:height\" content=\"1080\" \/>\n\t<meta property=\"og:image:type\" content=\"image\/jpeg\" \/>\n<meta name=\"author\" content=\"IT Girls\" \/>\n<meta name=\"twitter:card\" content=\"summary_large_image\" \/>\n<meta name=\"twitter:label1\" content=\"Written by\" \/>\n\t<meta name=\"twitter:data1\" content=\"IT Girls\" \/>\n\t<meta name=\"twitter:label2\" content=\"Estimated reading time\" \/>\n\t<meta name=\"twitter:data2\" content=\"2 minutes\" \/>\n<script type=\"application\/ld+json\" class=\"yoast-schema-graph\">{\"@context\":\"https:\/\/schema.org\",\"@graph\":[{\"@type\":\"Article\",\"@id\":\"https:\/\/itgirls.org.pl\/nasze-prezeski-nominowane-w-plebiscycie-wszechmocne\/#article\",\"isPartOf\":{\"@id\":\"https:\/\/itgirls.org.pl\/nasze-prezeski-nominowane-w-plebiscycie-wszechmocne\/\"},\"author\":{\"name\":\"IT Girls\",\"@id\":\"https:\/\/itgirls.org.pl\/en\/#\/schema\/person\/01497427c1ccade6d3cbad3360aadc88\"},\"headline\":\"Nasze prezeski nominowane w plebiscycie Wszechmocne 2025 \u2013 w kategorii \u201eNauka\u201d!\",\"datePublished\":\"2025-09-08T11:59:14+00:00\",\"dateModified\":\"2025-09-08T12:06:04+00:00\",\"mainEntityOfPage\":{\"@id\":\"https:\/\/itgirls.org.pl\/nasze-prezeski-nominowane-w-plebiscycie-wszechmocne\/\"},\"wordCount\":360,\"publisher\":{\"@id\":\"https:\/\/itgirls.org.pl\/en\/#organization\"},\"image\":{\"@id\":\"https:\/\/itgirls.org.pl\/nasze-prezeski-nominowane-w-plebiscycie-wszechmocne\/#primaryimage\"},\"thumbnailUrl\":\"https:\/\/itgirls.org.pl\/wp-content\/uploads\/2025\/09\/AdaWiolaKlimczak.jpg\",\"articleSection\":[\"Doro\u015bli\",\"Media\"],\"inLanguage\":\"en-GB\"},{\"@type\":\"WebPage\",\"@id\":\"https:\/\/itgirls.org.pl\/nasze-prezeski-nominowane-w-plebiscycie-wszechmocne\/\",\"url\":\"https:\/\/itgirls.org.pl\/nasze-prezeski-nominowane-w-plebiscycie-wszechmocne\/\",\"name\":\"Nasze prezeski nominowane w plebiscycie Wszechmocne 2025 \u2013 w kategorii \u201eNauka\u201d! - Fundacja IT Girls\",\"isPartOf\":{\"@id\":\"https:\/\/itgirls.org.pl\/en\/#website\"},\"primaryImageOfPage\":{\"@id\":\"https:\/\/itgirls.org.pl\/nasze-prezeski-nominowane-w-plebiscycie-wszechmocne\/#primaryimage\"},\"image\":{\"@id\":\"https:\/\/itgirls.org.pl\/nasze-prezeski-nominowane-w-plebiscycie-wszechmocne\/#primaryimage\"},\"thumbnailUrl\":\"https:\/\/itgirls.org.pl\/wp-content\/uploads\/2025\/09\/AdaWiolaKlimczak.jpg\",\"datePublished\":\"2025-09-08T11:59:14+00:00\",\"dateModified\":\"2025-09-08T12:06:04+00:00\",\"description\":\"Z ogromn\u0105 rado\u015bci\u0105 i dum\u0105 informujemy, \u017ce wsp\u00f3\u0142za\u0142o\u017cycielki i prezeski Fundacji IT Girls \u2013 Wiola i Ada Klimczak \u2013 zosta\u0142y nominowane w presti\u017cowym plebiscycie Wszechmocne 2024, organizowanym przez redakcj\u0119 WP Kobieta. Nominacja dotyczy kategorii \u201eNauka\u201d, co dla nas \u2013 ca\u0142ego zespo\u0142u Fundacji \u2013 ma szczeg\u00f3lne znaczenie.To wyr\u00f3\u017cnienie nie tylko docenia ich indywidualne zaanga\u017cowanie i pasj\u0119, ale te\u017c stanowi symboliczne uhonorowanie wielu lat pracy na rzecz edukacji, r\u00f3\u017cnorodno\u015bci i r\u00f3wno\u015bci w dost\u0119pie do nowych technologii.\",\"breadcrumb\":{\"@id\":\"https:\/\/itgirls.org.pl\/nasze-prezeski-nominowane-w-plebiscycie-wszechmocne\/#breadcrumb\"},\"inLanguage\":\"en-GB\",\"potentialAction\":[{\"@type\":\"ReadAction\",\"target\":[\"https:\/\/itgirls.org.pl\/nasze-prezeski-nominowane-w-plebiscycie-wszechmocne\/\"]}]},{\"@type\":\"ImageObject\",\"inLanguage\":\"en-GB\",\"@id\":\"https:\/\/itgirls.org.pl\/nasze-prezeski-nominowane-w-plebiscycie-wszechmocne\/#primaryimage\",\"url\":\"https:\/\/itgirls.org.pl\/wp-content\/uploads\/2025\/09\/AdaWiolaKlimczak.jpg\",\"contentUrl\":\"https:\/\/itgirls.org.pl\/wp-content\/uploads\/2025\/09\/AdaWiolaKlimczak.jpg\",\"width\":1620,\"height\":1080},{\"@type\":\"BreadcrumbList\",\"@id\":\"https:\/\/itgirls.org.pl\/nasze-prezeski-nominowane-w-plebiscycie-wszechmocne\/#breadcrumb\",\"itemListElement\":[{\"@type\":\"ListItem\",\"position\":1,\"name\":\"Strona g\u0142\u00f3wna\",\"item\":\"https:\/\/itgirls.org.pl\/\"},{\"@type\":\"ListItem\",\"position\":2,\"name\":\"Nasze prezeski nominowane w plebiscycie Wszechmocne 2025 \u2013 w kategorii \u201eNauka\u201d!\"}]},{\"@type\":\"WebSite\",\"@id\":\"https:\/\/itgirls.org.pl\/en\/#website\",\"url\":\"https:\/\/itgirls.org.pl\/en\/\",\"name\":\"Fundacja IT Girls\",\"description\":\"\",\"publisher\":{\"@id\":\"https:\/\/itgirls.org.pl\/en\/#organization\"},\"potentialAction\":[{\"@type\":\"SearchAction\",\"target\":{\"@type\":\"EntryPoint\",\"urlTemplate\":\"https:\/\/itgirls.org.pl\/en\/?s={search_term_string}\"},\"query-input\":{\"@type\":\"PropertyValueSpecification\",\"valueRequired\":true,\"valueName\":\"search_term_string\"}}],\"inLanguage\":\"en-GB\"},{\"@type\":\"Organization\",\"@id\":\"https:\/\/itgirls.org.pl\/en\/#organization\",\"name\":\"Fundacja IT Girls\",\"url\":\"https:\/\/itgirls.org.pl\/en\/\",\"logo\":{\"@type\":\"ImageObject\",\"inLanguage\":\"en-GB\",\"@id\":\"https:\/\/itgirls.org.pl\/en\/#\/schema\/logo\/image\/\",\"url\":\"https:\/\/itgirls.org.pl\/wp-content\/uploads\/2025\/02\/it_logo.webp\",\"contentUrl\":\"https:\/\/itgirls.org.pl\/wp-content\/uploads\/2025\/02\/it_logo.webp\",\"width\":199,\"height\":98,\"caption\":\"Fundacja IT Girls\"},\"image\":{\"@id\":\"https:\/\/itgirls.org.pl\/en\/#\/schema\/logo\/image\/\"}},{\"@type\":\"Person\",\"@id\":\"https:\/\/itgirls.org.pl\/en\/#\/schema\/person\/01497427c1ccade6d3cbad3360aadc88\",\"name\":\"IT Girls\",\"sameAs\":[\"https:\/\/itgirls.org.pl\"],\"url\":\"https:\/\/itgirls.org.pl\/en\/author\/it-girls\/\"}]}<\/script>\n<!-- \/ Yoast SEO plugin. -->","yoast_head_json":{"title":"Nasze prezeski nominowane w plebiscycie Wszechmocne 2025 \u2013 w kategorii \u201eNauka\u201d! - Fundacja IT Girls","description":"Z ogromn\u0105 rado\u015bci\u0105 i dum\u0105 informujemy, \u017ce wsp\u00f3\u0142za\u0142o\u017cycielki i prezeski Fundacji IT Girls \u2013 Wiola i Ada Klimczak \u2013 zosta\u0142y nominowane w presti\u017cowym plebiscycie Wszechmocne 2024, organizowanym przez redakcj\u0119 WP Kobieta. Nominacja dotyczy kategorii \u201eNauka\u201d, co dla nas \u2013 ca\u0142ego zespo\u0142u Fundacji \u2013 ma szczeg\u00f3lne znaczenie.To wyr\u00f3\u017cnienie nie tylko docenia ich indywidualne zaanga\u017cowanie i pasj\u0119, ale te\u017c stanowi symboliczne uhonorowanie wielu lat pracy na rzecz edukacji, r\u00f3\u017cnorodno\u015bci i r\u00f3wno\u015bci w dost\u0119pie do nowych technologii.","robots":{"index":"index","follow":"follow","max-snippet":"max-snippet:-1","max-image-preview":"max-image-preview:large","max-video-preview":"max-video-preview:-1"},"canonical":"https:\/\/itgirls.org.pl\/en\/nasze-prezeski-nominowane-w-plebiscycie-wszechmocne\/","og_locale":"en_GB","og_type":"article","og_title":"Nasze prezeski nominowane w plebiscycie Wszechmocne 2025 \u2013 w kategorii \u201eNauka\u201d! - Fundacja IT Girls","og_description":"Z ogromn\u0105 rado\u015bci\u0105 i dum\u0105 informujemy, \u017ce wsp\u00f3\u0142za\u0142o\u017cycielki i prezeski Fundacji IT Girls \u2013 Wiola i Ada Klimczak \u2013 zosta\u0142y nominowane w presti\u017cowym plebiscycie Wszechmocne 2024, organizowanym przez redakcj\u0119 WP Kobieta. Nominacja dotyczy kategorii \u201eNauka\u201d, co dla nas \u2013 ca\u0142ego zespo\u0142u Fundacji \u2013 ma szczeg\u00f3lne znaczenie.To wyr\u00f3\u017cnienie nie tylko docenia ich indywidualne zaanga\u017cowanie i pasj\u0119, ale te\u017c stanowi symboliczne uhonorowanie wielu lat pracy na rzecz edukacji, r\u00f3\u017cnorodno\u015bci i r\u00f3wno\u015bci w dost\u0119pie do nowych technologii.","og_url":"https:\/\/itgirls.org.pl\/en\/nasze-prezeski-nominowane-w-plebiscycie-wszechmocne\/","og_site_name":"Fundacja IT Girls","article_published_time":"2025-09-08T11:59:14+00:00","article_modified_time":"2025-09-08T12:06:04+00:00","og_image":[{"width":1620,"height":1080,"url":"https:\/\/itgirls.org.pl\/wp-content\/uploads\/2025\/09\/AdaWiolaKlimczak.jpg","type":"image\/jpeg"}],"author":"IT Girls","twitter_card":"summary_large_image","twitter_misc":{"Written by":"IT Girls","Estimated reading time":"2 minutes"},"schema":{"@context":"https:\/\/schema.org","@graph":[{"@type":"Article","@id":"https:\/\/itgirls.org.pl\/nasze-prezeski-nominowane-w-plebiscycie-wszechmocne\/#article","isPartOf":{"@id":"https:\/\/itgirls.org.pl\/nasze-prezeski-nominowane-w-plebiscycie-wszechmocne\/"},"author":{"name":"IT Girls","@id":"https:\/\/itgirls.org.pl\/en\/#\/schema\/person\/01497427c1ccade6d3cbad3360aadc88"},"headline":"Nasze prezeski nominowane w plebiscycie Wszechmocne 2025 \u2013 w kategorii \u201eNauka\u201d!","datePublished":"2025-09-08T11:59:14+00:00","dateModified":"2025-09-08T12:06:04+00:00","mainEntityOfPage":{"@id":"https:\/\/itgirls.org.pl\/nasze-prezeski-nominowane-w-plebiscycie-wszechmocne\/"},"wordCount":360,"publisher":{"@id":"https:\/\/itgirls.org.pl\/en\/#organization"},"image":{"@id":"https:\/\/itgirls.org.pl\/nasze-prezeski-nominowane-w-plebiscycie-wszechmocne\/#primaryimage"},"thumbnailUrl":"https:\/\/itgirls.org.pl\/wp-content\/uploads\/2025\/09\/AdaWiolaKlimczak.jpg","articleSection":["Doro\u015bli","Media"],"inLanguage":"en-GB"},{"@type":"WebPage","@id":"https:\/\/itgirls.org.pl\/nasze-prezeski-nominowane-w-plebiscycie-wszechmocne\/","url":"https:\/\/itgirls.org.pl\/nasze-prezeski-nominowane-w-plebiscycie-wszechmocne\/","name":"Nasze prezeski nominowane w plebiscycie Wszechmocne 2025 \u2013 w kategorii \u201eNauka\u201d! - Fundacja IT Girls","isPartOf":{"@id":"https:\/\/itgirls.org.pl\/en\/#website"},"primaryImageOfPage":{"@id":"https:\/\/itgirls.org.pl\/nasze-prezeski-nominowane-w-plebiscycie-wszechmocne\/#primaryimage"},"image":{"@id":"https:\/\/itgirls.org.pl\/nasze-prezeski-nominowane-w-plebiscycie-wszechmocne\/#primaryimage"},"thumbnailUrl":"https:\/\/itgirls.org.pl\/wp-content\/uploads\/2025\/09\/AdaWiolaKlimczak.jpg","datePublished":"2025-09-08T11:59:14+00:00","dateModified":"2025-09-08T12:06:04+00:00","description":"Z ogromn\u0105 rado\u015bci\u0105 i dum\u0105 informujemy, \u017ce wsp\u00f3\u0142za\u0142o\u017cycielki i prezeski Fundacji IT Girls \u2013 Wiola i Ada Klimczak \u2013 zosta\u0142y nominowane w presti\u017cowym plebiscycie Wszechmocne 2024, organizowanym przez redakcj\u0119 WP Kobieta. Nominacja dotyczy kategorii \u201eNauka\u201d, co dla nas \u2013 ca\u0142ego zespo\u0142u Fundacji \u2013 ma szczeg\u00f3lne znaczenie.To wyr\u00f3\u017cnienie nie tylko docenia ich indywidualne zaanga\u017cowanie i pasj\u0119, ale te\u017c stanowi symboliczne uhonorowanie wielu lat pracy na rzecz edukacji, r\u00f3\u017cnorodno\u015bci i r\u00f3wno\u015bci w dost\u0119pie do nowych technologii.","breadcrumb":{"@id":"https:\/\/itgirls.org.pl\/nasze-prezeski-nominowane-w-plebiscycie-wszechmocne\/#breadcrumb"},"inLanguage":"en-GB","potentialAction":[{"@type":"ReadAction","target":["https:\/\/itgirls.org.pl\/nasze-prezeski-nominowane-w-plebiscycie-wszechmocne\/"]}]},{"@type":"ImageObject","inLanguage":"en-GB","@id":"https:\/\/itgirls.org.pl\/nasze-prezeski-nominowane-w-plebiscycie-wszechmocne\/#primaryimage","url":"https:\/\/itgirls.org.pl\/wp-content\/uploads\/2025\/09\/AdaWiolaKlimczak.jpg","contentUrl":"https:\/\/itgirls.org.pl\/wp-content\/uploads\/2025\/09\/AdaWiolaKlimczak.jpg","width":1620,"height":1080},{"@type":"BreadcrumbList","@id":"https:\/\/itgirls.org.pl\/nasze-prezeski-nominowane-w-plebiscycie-wszechmocne\/#breadcrumb","itemListElement":[{"@type":"ListItem","position":1,"name":"Strona g\u0142\u00f3wna","item":"https:\/\/itgirls.org.pl\/"},{"@type":"ListItem","position":2,"name":"Nasze prezeski nominowane w plebiscycie Wszechmocne 2025 \u2013 w kategorii \u201eNauka\u201d!"}]},{"@type":"WebSite","@id":"https:\/\/itgirls.org.pl\/en\/#website","url":"https:\/\/itgirls.org.pl\/en\/","name":"IT Girls Foundation","description":"","publisher":{"@id":"https:\/\/itgirls.org.pl\/en\/#organization"},"potentialAction":[{"@type":"SearchAction","target":{"@type":"EntryPoint","urlTemplate":"https:\/\/itgirls.org.pl\/en\/?s={search_term_string}"},"query-input":{"@type":"PropertyValueSpecification","valueRequired":true,"valueName":"search_term_string"}}],"inLanguage":"en-GB"},{"@type":"Organization","@id":"https:\/\/itgirls.org.pl\/en\/#organization","name":"IT Girls Foundation","url":"https:\/\/itgirls.org.pl\/en\/","logo":{"@type":"ImageObject","inLanguage":"en-GB","@id":"https:\/\/itgirls.org.pl\/en\/#\/schema\/logo\/image\/","url":"https:\/\/itgirls.org.pl\/wp-content\/uploads\/2025\/02\/it_logo.webp","contentUrl":"https:\/\/itgirls.org.pl\/wp-content\/uploads\/2025\/02\/it_logo.webp","width":199,"height":98,"caption":"Fundacja IT Girls"},"image":{"@id":"https:\/\/itgirls.org.pl\/en\/#\/schema\/logo\/image\/"}},{"@type":"Person","@id":"https:\/\/itgirls.org.pl\/en\/#\/schema\/person\/01497427c1ccade6d3cbad3360aadc88","name":"IT Girls","sameAs":["https:\/\/itgirls.org.pl"],"url":"https:\/\/itgirls.org.pl\/en\/author\/it-girls\/"}]}},"_links":{"self":[{"href":"https:\/\/itgirls.org.pl\/en\/wp-json\/wp\/v2\/posts\/6115","targetHints":{"allow":["GET"]}}],"collection":[{"href":"https:\/\/itgirls.org.pl\/en\/wp-json\/wp\/v2\/posts"}],"about":[{"href":"https:\/\/itgirls.org.pl\/en\/wp-json\/wp\/v2\/types\/post"}],"author":[{"embeddable":true,"href":"https:\/\/itgirls.org.pl\/en\/wp-json\/wp\/v2\/users\/3"}],"replies":[{"embeddable":true,"href":"https:\/\/itgirls.org.pl\/en\/wp-json\/wp\/v2\/comments?post=6115"}],"version-history":[{"count":0,"href":"https:\/\/itgirls.org.pl\/en\/wp-json\/wp\/v2\/posts\/6115\/revisions"}],"wp:featuredmedia":[{"embeddable":true,"href":"https:\/\/itgirls.org.pl\/en\/wp-json\/wp\/v2\/media\/6116"}],"wp:attachment":[{"href":"https:\/\/itgirls.org.pl\/en\/wp-json\/wp\/v2\/media?parent=6115"}],"wp:term":[{"taxonomy":"category","embeddable":true,"href":"https:\/\/itgirls.org.pl\/en\/wp-json\/wp\/v2\/categories?post=6115"},{"taxonomy":"post_tag","embeddable":true,"href":"https:\/\/itgirls.org.pl\/en\/wp-json\/wp\/v2\/tags?post=6115"}],"curies":[{"name":"wp","href":"https:\/\/api.w.org\/{rel}","templated":true}]}}