
{"id":6656,"date":"2026-02-11T09:46:07","date_gmt":"2026-02-11T08:46:07","guid":{"rendered":"https:\/\/itgirls.org.pl\/?p=6656"},"modified":"2026-03-13T12:14:31","modified_gmt":"2026-03-13T11:14:31","slug":"swietujemy-miedzynarodowy-dzien-dziewczat-i-kobiet-w-nauce","status":"publish","type":"post","link":"https:\/\/itgirls.org.pl\/en\/swietujemy-miedzynarodowy-dzien-dziewczat-i-kobiet-w-nauce\/","title":{"rendered":"\u015awi\u0119tujemy Mi\u0119dzynarodowy Dzie\u0144 Dziewcz\u0105t i Kobiet w Nauce"},"content":{"rendered":"<div data-elementor-type=\"wp-post\" data-elementor-id=\"6656\" class=\"elementor elementor-6656\" data-elementor-post-type=\"post\">\n\t\t\t\t<div class=\"elementor-element elementor-element-3d8bd0ef e-flex e-con-boxed e-con e-parent\" data-id=\"3d8bd0ef\" data-element_type=\"container\">\n\t\t\t\t\t<div class=\"e-con-inner\">\n\t\t\t\t<div class=\"elementor-element elementor-element-354546c9 elementor-widget elementor-widget-text-editor\" data-id=\"354546c9\" data-element_type=\"widget\" data-widget_type=\"text-editor.default\">\n\t\t\t\t<div class=\"elementor-widget-container\">\n\t\t\t\t\t\t\t\t\t\n<p><strong>\u201eKim chcesz zosta\u0107, jak doro\u015bniesz?\u201d<\/strong> \u2013 to pytanie zadajemy dzieciom niemal od zawsze. Ale czy dajemy im przestrze\u0144, by naprawd\u0119 mog\u0142y to odkry\u0107?<\/p>\n\n<p>Ju\u017c dzisiaj <strong>11 lutego 2026<\/strong> \u015bwi\u0119tujemy <strong>Mi\u0119dzynarodowy Dzie\u0144 Dziewcz\u0105t i Kobiet w Nauce<\/strong>. To doskona\u0142y moment, by zastanowi\u0107 si\u0119, jak my \u2013 rodzice, opiekunowie i nauczyciele \u2013 mo\u017cemy wspiera\u0107 m\u0142ode talenty w \u015bwiecie, kt\u00f3ry wci\u0105\u017c bywa pe\u0142en stereotyp\u00f3w.<\/p>\n\n<p>Fundacja IT Girls przygotowa\u0142a bezp\u0142atny e-book, kt\u00f3ry jest kopalni\u0105 wiedzy o tym, jak budowa\u0107 w dzieciach przekonanie, \u017ce ich mo\u017cliwo\u015bci nie maj\u0105 granic, a zawody nie maj\u0105 p\u0142ci.<\/p>\n\n<p>Szczeg\u00f3ln\u0105 uwag\u0119 chcemy zwr\u00f3ci\u0107 na rozdzia\u0142: <strong>\u201eJak wesprze\u0107 dziecko w odkrywaniu siebie?\u201d<\/strong>. Autorka dzieli si\u0119 w nim wskaz\u00f3wkami, kt\u00f3re mog\u0105 zmieni\u0107 Wasze podej\u015bcie do codziennej zabawy i nauki:<\/p>\n\n<ul>\n<li>\u00a0<strong>B\u0105d\u017a obserwatorem:<\/strong> Patrz na dziecko, jakby\u015b widzia\u0142 je pierwszy raz \u2013 co naprawd\u0119 sprawia mu rado\u015b\u0107, a co anga\u017cuje na d\u0142ugie godziny?<\/li>\n<\/ul>\n\n<ul>\n<li>\u00a0<strong>Pozw\u00f3l na swobod\u0119:<\/strong> Zanim zapiszesz dziecko na kolejne zaj\u0119cia dodatkowe, daj mu czas na swobodn\u0105 zabaw\u0119. To wtedy buduje si\u0119 prawdziwa wytrwa\u0142o\u015b\u0107 i pasja.<\/li>\n<\/ul>\n\n<ul>\n<li>\u00a0<strong>Akceptuj poszukiwania:<\/strong> Zmiana zainteresowa\u0144 to nie jest s\u0142omiany zapa\u0142, ale etap testowania. Programowanie robot\u00f3w zamienione na budowanie z patyczk\u00f3w? Mo\u017ce to ta sama potrzeba tworzenia.<\/li>\n<\/ul>\n\n<ul>\n<li>\u00a0<strong>Doceniaj wysi\u0142ek, nie tylko wynik:<\/strong> Zamiast m\u00f3wi\u0107 \u201ejeste\u015b genialna\u201d, powiedz \u201ewidz\u0119, ile serca i precyzji w to w\u0142o\u017cy\u0142a\u015b\u201d. To buduje bezcenn\u0105 motywacj\u0119 wewn\u0119trzn\u0105.<\/li>\n<\/ul>\n\n<p>Niech tegoroczny Dzie\u0144 Kobiet w Nauce b\u0119dzie impulsem do stworzenia dzieciom atmosfery pe\u0142nej akceptacji i odwagi do pope\u0142niania b\u0142\u0119d\u00f3w. Bo ka\u017cde wielkie odkrycie zacz\u0119\u0142o si\u0119 od ciekawo\u015bci i kogo\u015b, kto pozwoli\u0142 j\u0105 rozwija\u0107.<\/p>\n\n<p><strong>Pobierz e-booka i pom\u00f3\u017c swojemu dziecku rozwin\u0105\u0107 skrzyd\u0142a!<\/strong><\/p>\n\n<p>\u00a0<\/p>\n\t\t\t\t\t\t\t\t<\/div>\n\t\t\t\t<\/div>\n\t\t\t\t\t<\/div>\n\t\t\t\t<\/div>\n\t\t<div class=\"elementor-element elementor-element-ff8cfd2 e-flex e-con-boxed e-con e-parent\" data-id=\"ff8cfd2\" data-element_type=\"container\">\n\t\t\t\t\t<div class=\"e-con-inner\">\n\t\t\t\t<div class=\"elementor-element elementor-element-3175d75 elementor-align-center elementor-widget elementor-widget-button\" data-id=\"3175d75\" data-element_type=\"widget\" data-widget_type=\"button.default\">\n\t\t\t\t<div class=\"elementor-widget-container\">\n\t\t\t\t\t\t\t\t\t<div class=\"elementor-button-wrapper\">\n\t\t\t\t\t<a class=\"elementor-button elementor-button-link elementor-size-sm\" href=\"https:\/\/nauka.itgirls.org.pl\/\">\n\t\t\t\t\t\t<span class=\"elementor-button-content-wrapper\">\n\t\t\t\t\t\t\t\t\t<span class=\"elementor-button-text\">Pobierz za darmo!<\/span>\n\t\t\t\t\t<\/span>\n\t\t\t\t\t<\/a>\n\t\t\t\t<\/div>\n\t\t\t\t\t\t\t\t<\/div>\n\t\t\t\t<\/div>\n\t\t\t\t\t<\/div>\n\t\t\t\t<\/div>\n\t\t\t\t<\/div>","protected":false},"excerpt":{"rendered":"<p>11 lutego 2026 \u015bwi\u0119tujemy Mi\u0119dzynarodowy Dzie\u0144 Dziewcz\u0105t i Kobiet w Nauce. To doskona\u0142y moment, by zastanowi\u0107 si\u0119, jak my \u2013 rodzice, opiekunowie i nauczyciele \u2013 mo\u017cemy wspiera\u0107 m\u0142ode talenty w \u015bwiecie, kt\u00f3ry wci\u0105\u017c bywa pe\u0142en stereotyp\u00f3w.<\/p>","protected":false},"author":4,"featured_media":6659,"comment_status":"closed","ping_status":"closed","sticky":false,"template":"","format":"standard","meta":{"give_campaign_id":0,"footnotes":""},"categories":[30,29,48],"tags":[],"class_list":["post-6656","post","type-post","status-publish","format-standard","has-post-thumbnail","hentry","category-dorosli","category-dzieci","category-mlodziez"],"blocksy_meta":[],"yoast_head":"<!-- This site is optimized with the Yoast SEO plugin v25.5 - https:\/\/yoast.com\/wordpress\/plugins\/seo\/ -->\n<title>\u015awi\u0119tujemy Mi\u0119dzynarodowy Dzie\u0144 Dziewcz\u0105t i Kobiet w Nauce - Fundacja IT Girls<\/title>\n<meta name=\"robots\" content=\"index, follow, max-snippet:-1, max-image-preview:large, max-video-preview:-1\" \/>\n<link rel=\"canonical\" href=\"https:\/\/itgirls.org.pl\/en\/swietujemy-miedzynarodowy-dzien-dziewczat-i-kobiet-w-nauce\/\" \/>\n<meta property=\"og:locale\" content=\"en_GB\" \/>\n<meta property=\"og:type\" content=\"article\" \/>\n<meta property=\"og:title\" content=\"\u015awi\u0119tujemy Mi\u0119dzynarodowy Dzie\u0144 Dziewcz\u0105t i Kobiet w Nauce - Fundacja IT Girls\" \/>\n<meta property=\"og:description\" content=\"11 lutego 2026 \u015bwi\u0119tujemy Mi\u0119dzynarodowy Dzie\u0144 Dziewcz\u0105t i Kobiet w Nauce. To doskona\u0142y moment, by zastanowi\u0107 si\u0119, jak my \u2013 rodzice, opiekunowie i nauczyciele \u2013 mo\u017cemy wspiera\u0107 m\u0142ode talenty w \u015bwiecie, kt\u00f3ry wci\u0105\u017c bywa pe\u0142en stereotyp\u00f3w.\" \/>\n<meta property=\"og:url\" content=\"https:\/\/itgirls.org.pl\/en\/swietujemy-miedzynarodowy-dzien-dziewczat-i-kobiet-w-nauce\/\" \/>\n<meta property=\"og:site_name\" content=\"Fundacja IT Girls\" \/>\n<meta property=\"article:published_time\" content=\"2026-02-11T08:46:07+00:00\" \/>\n<meta property=\"article:modified_time\" content=\"2026-03-13T11:14:31+00:00\" \/>\n<meta property=\"og:image\" content=\"https:\/\/itgirls.org.pl\/wp-content\/uploads\/2026\/02\/grafiki-Strona-Blog-5-1024x576.png\" \/>\n\t<meta property=\"og:image:width\" content=\"1024\" \/>\n\t<meta property=\"og:image:height\" content=\"576\" \/>\n\t<meta property=\"og:image:type\" content=\"image\/png\" \/>\n<meta name=\"author\" content=\"Klaudia\" \/>\n<meta name=\"twitter:card\" content=\"summary_large_image\" \/>\n<meta name=\"twitter:label1\" content=\"Written by\" \/>\n\t<meta name=\"twitter:data1\" content=\"Klaudia\" \/>\n\t<meta name=\"twitter:label2\" content=\"Estimated reading time\" \/>\n\t<meta name=\"twitter:data2\" content=\"2 minutes\" \/>\n<script type=\"application\/ld+json\" class=\"yoast-schema-graph\">{\"@context\":\"https:\/\/schema.org\",\"@graph\":[{\"@type\":\"Article\",\"@id\":\"https:\/\/itgirls.org.pl\/swietujemy-miedzynarodowy-dzien-dziewczat-i-kobiet-w-nauce\/#article\",\"isPartOf\":{\"@id\":\"https:\/\/itgirls.org.pl\/swietujemy-miedzynarodowy-dzien-dziewczat-i-kobiet-w-nauce\/\"},\"author\":{\"name\":\"Klaudia\",\"@id\":\"https:\/\/itgirls.org.pl\/en\/#\/schema\/person\/67644ab7c4f8842c51f94ff16af19cfe\"},\"headline\":\"\u015awi\u0119tujemy Mi\u0119dzynarodowy Dzie\u0144 Dziewcz\u0105t i Kobiet w Nauce\",\"datePublished\":\"2026-02-11T08:46:07+00:00\",\"dateModified\":\"2026-03-13T11:14:31+00:00\",\"mainEntityOfPage\":{\"@id\":\"https:\/\/itgirls.org.pl\/swietujemy-miedzynarodowy-dzien-dziewczat-i-kobiet-w-nauce\/\"},\"wordCount\":307,\"publisher\":{\"@id\":\"https:\/\/itgirls.org.pl\/en\/#organization\"},\"image\":{\"@id\":\"https:\/\/itgirls.org.pl\/swietujemy-miedzynarodowy-dzien-dziewczat-i-kobiet-w-nauce\/#primaryimage\"},\"thumbnailUrl\":\"https:\/\/itgirls.org.pl\/wp-content\/uploads\/2026\/02\/grafiki-Strona-Blog-5.png\",\"articleSection\":[\"Doro\u015bli\",\"Dzieci\",\"M\u0142odzie\u017c\"],\"inLanguage\":\"en-GB\"},{\"@type\":\"WebPage\",\"@id\":\"https:\/\/itgirls.org.pl\/swietujemy-miedzynarodowy-dzien-dziewczat-i-kobiet-w-nauce\/\",\"url\":\"https:\/\/itgirls.org.pl\/swietujemy-miedzynarodowy-dzien-dziewczat-i-kobiet-w-nauce\/\",\"name\":\"\u015awi\u0119tujemy Mi\u0119dzynarodowy Dzie\u0144 Dziewcz\u0105t i Kobiet w Nauce - Fundacja IT Girls\",\"isPartOf\":{\"@id\":\"https:\/\/itgirls.org.pl\/en\/#website\"},\"primaryImageOfPage\":{\"@id\":\"https:\/\/itgirls.org.pl\/swietujemy-miedzynarodowy-dzien-dziewczat-i-kobiet-w-nauce\/#primaryimage\"},\"image\":{\"@id\":\"https:\/\/itgirls.org.pl\/swietujemy-miedzynarodowy-dzien-dziewczat-i-kobiet-w-nauce\/#primaryimage\"},\"thumbnailUrl\":\"https:\/\/itgirls.org.pl\/wp-content\/uploads\/2026\/02\/grafiki-Strona-Blog-5.png\",\"datePublished\":\"2026-02-11T08:46:07+00:00\",\"dateModified\":\"2026-03-13T11:14:31+00:00\",\"breadcrumb\":{\"@id\":\"https:\/\/itgirls.org.pl\/swietujemy-miedzynarodowy-dzien-dziewczat-i-kobiet-w-nauce\/#breadcrumb\"},\"inLanguage\":\"en-GB\",\"potentialAction\":[{\"@type\":\"ReadAction\",\"target\":[\"https:\/\/itgirls.org.pl\/swietujemy-miedzynarodowy-dzien-dziewczat-i-kobiet-w-nauce\/\"]}]},{\"@type\":\"ImageObject\",\"inLanguage\":\"en-GB\",\"@id\":\"https:\/\/itgirls.org.pl\/swietujemy-miedzynarodowy-dzien-dziewczat-i-kobiet-w-nauce\/#primaryimage\",\"url\":\"https:\/\/itgirls.org.pl\/wp-content\/uploads\/2026\/02\/grafiki-Strona-Blog-5.png\",\"contentUrl\":\"https:\/\/itgirls.org.pl\/wp-content\/uploads\/2026\/02\/grafiki-Strona-Blog-5.png\",\"width\":1920,\"height\":1080},{\"@type\":\"BreadcrumbList\",\"@id\":\"https:\/\/itgirls.org.pl\/swietujemy-miedzynarodowy-dzien-dziewczat-i-kobiet-w-nauce\/#breadcrumb\",\"itemListElement\":[{\"@type\":\"ListItem\",\"position\":1,\"name\":\"Strona g\u0142\u00f3wna\",\"item\":\"https:\/\/itgirls.org.pl\/\"},{\"@type\":\"ListItem\",\"position\":2,\"name\":\"\u015awi\u0119tujemy Mi\u0119dzynarodowy Dzie\u0144 Dziewcz\u0105t i Kobiet w Nauce\"}]},{\"@type\":\"WebSite\",\"@id\":\"https:\/\/itgirls.org.pl\/en\/#website\",\"url\":\"https:\/\/itgirls.org.pl\/en\/\",\"name\":\"Fundacja IT Girls\",\"description\":\"\",\"publisher\":{\"@id\":\"https:\/\/itgirls.org.pl\/en\/#organization\"},\"potentialAction\":[{\"@type\":\"SearchAction\",\"target\":{\"@type\":\"EntryPoint\",\"urlTemplate\":\"https:\/\/itgirls.org.pl\/en\/?s={search_term_string}\"},\"query-input\":{\"@type\":\"PropertyValueSpecification\",\"valueRequired\":true,\"valueName\":\"search_term_string\"}}],\"inLanguage\":\"en-GB\"},{\"@type\":\"Organization\",\"@id\":\"https:\/\/itgirls.org.pl\/en\/#organization\",\"name\":\"Fundacja IT Girls\",\"url\":\"https:\/\/itgirls.org.pl\/en\/\",\"logo\":{\"@type\":\"ImageObject\",\"inLanguage\":\"en-GB\",\"@id\":\"https:\/\/itgirls.org.pl\/en\/#\/schema\/logo\/image\/\",\"url\":\"https:\/\/itgirls.org.pl\/wp-content\/uploads\/2025\/02\/it_logo.webp\",\"contentUrl\":\"https:\/\/itgirls.org.pl\/wp-content\/uploads\/2025\/02\/it_logo.webp\",\"width\":199,\"height\":98,\"caption\":\"Fundacja IT Girls\"},\"image\":{\"@id\":\"https:\/\/itgirls.org.pl\/en\/#\/schema\/logo\/image\/\"}},{\"@type\":\"Person\",\"@id\":\"https:\/\/itgirls.org.pl\/en\/#\/schema\/person\/67644ab7c4f8842c51f94ff16af19cfe\",\"name\":\"Klaudia\",\"url\":\"https:\/\/itgirls.org.pl\/en\/author\/klaudia\/\"}]}<\/script>\n<!-- \/ Yoast SEO plugin. -->","yoast_head_json":{"title":"\u015awi\u0119tujemy Mi\u0119dzynarodowy Dzie\u0144 Dziewcz\u0105t i Kobiet w Nauce - Fundacja IT Girls","robots":{"index":"index","follow":"follow","max-snippet":"max-snippet:-1","max-image-preview":"max-image-preview:large","max-video-preview":"max-video-preview:-1"},"canonical":"https:\/\/itgirls.org.pl\/en\/swietujemy-miedzynarodowy-dzien-dziewczat-i-kobiet-w-nauce\/","og_locale":"en_GB","og_type":"article","og_title":"\u015awi\u0119tujemy Mi\u0119dzynarodowy Dzie\u0144 Dziewcz\u0105t i Kobiet w Nauce - Fundacja IT Girls","og_description":"11 lutego 2026 \u015bwi\u0119tujemy Mi\u0119dzynarodowy Dzie\u0144 Dziewcz\u0105t i Kobiet w Nauce. To doskona\u0142y moment, by zastanowi\u0107 si\u0119, jak my \u2013 rodzice, opiekunowie i nauczyciele \u2013 mo\u017cemy wspiera\u0107 m\u0142ode talenty w \u015bwiecie, kt\u00f3ry wci\u0105\u017c bywa pe\u0142en stereotyp\u00f3w.","og_url":"https:\/\/itgirls.org.pl\/en\/swietujemy-miedzynarodowy-dzien-dziewczat-i-kobiet-w-nauce\/","og_site_name":"Fundacja IT Girls","article_published_time":"2026-02-11T08:46:07+00:00","article_modified_time":"2026-03-13T11:14:31+00:00","og_image":[{"width":1024,"height":576,"url":"https:\/\/itgirls.org.pl\/wp-content\/uploads\/2026\/02\/grafiki-Strona-Blog-5-1024x576.png","type":"image\/png"}],"author":"Klaudia","twitter_card":"summary_large_image","twitter_misc":{"Written by":"Klaudia","Estimated reading time":"2 minutes"},"schema":{"@context":"https:\/\/schema.org","@graph":[{"@type":"Article","@id":"https:\/\/itgirls.org.pl\/swietujemy-miedzynarodowy-dzien-dziewczat-i-kobiet-w-nauce\/#article","isPartOf":{"@id":"https:\/\/itgirls.org.pl\/swietujemy-miedzynarodowy-dzien-dziewczat-i-kobiet-w-nauce\/"},"author":{"name":"Klaudia","@id":"https:\/\/itgirls.org.pl\/en\/#\/schema\/person\/67644ab7c4f8842c51f94ff16af19cfe"},"headline":"\u015awi\u0119tujemy Mi\u0119dzynarodowy Dzie\u0144 Dziewcz\u0105t i Kobiet w Nauce","datePublished":"2026-02-11T08:46:07+00:00","dateModified":"2026-03-13T11:14:31+00:00","mainEntityOfPage":{"@id":"https:\/\/itgirls.org.pl\/swietujemy-miedzynarodowy-dzien-dziewczat-i-kobiet-w-nauce\/"},"wordCount":307,"publisher":{"@id":"https:\/\/itgirls.org.pl\/en\/#organization"},"image":{"@id":"https:\/\/itgirls.org.pl\/swietujemy-miedzynarodowy-dzien-dziewczat-i-kobiet-w-nauce\/#primaryimage"},"thumbnailUrl":"https:\/\/itgirls.org.pl\/wp-content\/uploads\/2026\/02\/grafiki-Strona-Blog-5.png","articleSection":["Doro\u015bli","Dzieci","M\u0142odzie\u017c"],"inLanguage":"en-GB"},{"@type":"WebPage","@id":"https:\/\/itgirls.org.pl\/swietujemy-miedzynarodowy-dzien-dziewczat-i-kobiet-w-nauce\/","url":"https:\/\/itgirls.org.pl\/swietujemy-miedzynarodowy-dzien-dziewczat-i-kobiet-w-nauce\/","name":"\u015awi\u0119tujemy Mi\u0119dzynarodowy Dzie\u0144 Dziewcz\u0105t i Kobiet w Nauce - Fundacja IT Girls","isPartOf":{"@id":"https:\/\/itgirls.org.pl\/en\/#website"},"primaryImageOfPage":{"@id":"https:\/\/itgirls.org.pl\/swietujemy-miedzynarodowy-dzien-dziewczat-i-kobiet-w-nauce\/#primaryimage"},"image":{"@id":"https:\/\/itgirls.org.pl\/swietujemy-miedzynarodowy-dzien-dziewczat-i-kobiet-w-nauce\/#primaryimage"},"thumbnailUrl":"https:\/\/itgirls.org.pl\/wp-content\/uploads\/2026\/02\/grafiki-Strona-Blog-5.png","datePublished":"2026-02-11T08:46:07+00:00","dateModified":"2026-03-13T11:14:31+00:00","breadcrumb":{"@id":"https:\/\/itgirls.org.pl\/swietujemy-miedzynarodowy-dzien-dziewczat-i-kobiet-w-nauce\/#breadcrumb"},"inLanguage":"en-GB","potentialAction":[{"@type":"ReadAction","target":["https:\/\/itgirls.org.pl\/swietujemy-miedzynarodowy-dzien-dziewczat-i-kobiet-w-nauce\/"]}]},{"@type":"ImageObject","inLanguage":"en-GB","@id":"https:\/\/itgirls.org.pl\/swietujemy-miedzynarodowy-dzien-dziewczat-i-kobiet-w-nauce\/#primaryimage","url":"https:\/\/itgirls.org.pl\/wp-content\/uploads\/2026\/02\/grafiki-Strona-Blog-5.png","contentUrl":"https:\/\/itgirls.org.pl\/wp-content\/uploads\/2026\/02\/grafiki-Strona-Blog-5.png","width":1920,"height":1080},{"@type":"BreadcrumbList","@id":"https:\/\/itgirls.org.pl\/swietujemy-miedzynarodowy-dzien-dziewczat-i-kobiet-w-nauce\/#breadcrumb","itemListElement":[{"@type":"ListItem","position":1,"name":"Strona g\u0142\u00f3wna","item":"https:\/\/itgirls.org.pl\/"},{"@type":"ListItem","position":2,"name":"\u015awi\u0119tujemy Mi\u0119dzynarodowy Dzie\u0144 Dziewcz\u0105t i Kobiet w Nauce"}]},{"@type":"WebSite","@id":"https:\/\/itgirls.org.pl\/en\/#website","url":"https:\/\/itgirls.org.pl\/en\/","name":"IT Girls Foundation","description":"","publisher":{"@id":"https:\/\/itgirls.org.pl\/en\/#organization"},"potentialAction":[{"@type":"SearchAction","target":{"@type":"EntryPoint","urlTemplate":"https:\/\/itgirls.org.pl\/en\/?s={search_term_string}"},"query-input":{"@type":"PropertyValueSpecification","valueRequired":true,"valueName":"search_term_string"}}],"inLanguage":"en-GB"},{"@type":"Organization","@id":"https:\/\/itgirls.org.pl\/en\/#organization","name":"IT Girls Foundation","url":"https:\/\/itgirls.org.pl\/en\/","logo":{"@type":"ImageObject","inLanguage":"en-GB","@id":"https:\/\/itgirls.org.pl\/en\/#\/schema\/logo\/image\/","url":"https:\/\/itgirls.org.pl\/wp-content\/uploads\/2025\/02\/it_logo.webp","contentUrl":"https:\/\/itgirls.org.pl\/wp-content\/uploads\/2025\/02\/it_logo.webp","width":199,"height":98,"caption":"Fundacja IT Girls"},"image":{"@id":"https:\/\/itgirls.org.pl\/en\/#\/schema\/logo\/image\/"}},{"@type":"Person","@id":"https:\/\/itgirls.org.pl\/en\/#\/schema\/person\/67644ab7c4f8842c51f94ff16af19cfe","name":"Klaudia","url":"https:\/\/itgirls.org.pl\/en\/author\/klaudia\/"}]}},"_links":{"self":[{"href":"https:\/\/itgirls.org.pl\/en\/wp-json\/wp\/v2\/posts\/6656","targetHints":{"allow":["GET"]}}],"collection":[{"href":"https:\/\/itgirls.org.pl\/en\/wp-json\/wp\/v2\/posts"}],"about":[{"href":"https:\/\/itgirls.org.pl\/en\/wp-json\/wp\/v2\/types\/post"}],"author":[{"embeddable":true,"href":"https:\/\/itgirls.org.pl\/en\/wp-json\/wp\/v2\/users\/4"}],"replies":[{"embeddable":true,"href":"https:\/\/itgirls.org.pl\/en\/wp-json\/wp\/v2\/comments?post=6656"}],"version-history":[{"count":0,"href":"https:\/\/itgirls.org.pl\/en\/wp-json\/wp\/v2\/posts\/6656\/revisions"}],"wp:featuredmedia":[{"embeddable":true,"href":"https:\/\/itgirls.org.pl\/en\/wp-json\/wp\/v2\/media\/6659"}],"wp:attachment":[{"href":"https:\/\/itgirls.org.pl\/en\/wp-json\/wp\/v2\/media?parent=6656"}],"wp:term":[{"taxonomy":"category","embeddable":true,"href":"https:\/\/itgirls.org.pl\/en\/wp-json\/wp\/v2\/categories?post=6656"},{"taxonomy":"post_tag","embeddable":true,"href":"https:\/\/itgirls.org.pl\/en\/wp-json\/wp\/v2\/tags?post=6656"}],"curies":[{"name":"wp","href":"https:\/\/api.w.org\/{rel}","templated":true}]}}