
{"id":6986,"date":"2026-04-27T16:40:49","date_gmt":"2026-04-27T14:40:49","guid":{"rendered":"https:\/\/itgirls.org.pl\/?p=6986"},"modified":"2026-04-27T17:02:06","modified_gmt":"2026-04-27T15:02:06","slug":"smartfon-na-komunie-czy-to-dobry-pomysl-argumenty-za-i-przeciw","status":"publish","type":"post","link":"https:\/\/itgirls.org.pl\/en\/smartfon-na-komunie-czy-to-dobry-pomysl-argumenty-za-i-przeciw\/","title":{"rendered":"Smartfon na komuni\u0119 \u2013 czy to dobry pomys\u0142? Argumenty za i przeciw"},"content":{"rendered":"<div data-elementor-type=\"wp-post\" data-elementor-id=\"6986\" class=\"elementor elementor-6986\" data-elementor-post-type=\"post\">\n\t\t\t\t<div class=\"elementor-element elementor-element-d6cb6a8 e-flex e-con-boxed e-con e-parent\" data-id=\"d6cb6a8\" data-element_type=\"container\">\n\t\t\t\t\t<div class=\"e-con-inner\">\n\t\t\t\t<div class=\"elementor-element elementor-element-3337440 elementor-widget elementor-widget-text-editor\" data-id=\"3337440\" data-element_type=\"widget\" data-widget_type=\"text-editor.default\">\n\t\t\t\t<div class=\"elementor-widget-container\">\n\t\t\t\t\t\t\t\t\t<p><span style=\"font-weight: 400;\">Sezon komunijny w pe\u0142ni. Na listach \u017cycze\u0144 dziewi\u0119ciolatk\u00f3w kr\u00f3luje jedno: smartfon. Rodzice stoj\u0105 przed dylematem: da\u0107 czy nie da\u0107? Zachwyci\u0107 dziecko czy je ochroni\u0107? Odpowied\u017a nie jest prosta. Dlatego zebrali\u015bmy argumenty z obu stron &#8211; oparte na badaniach, nie na emocjach.<\/span><\/p><h3><b>Fakty, kt\u00f3re warto zna\u0107 na wst\u0119pie<\/b><\/h3><p><span style=\"font-weight: 400;\">Wed\u0142ug raportu NASK \u201eNastolatki 2025&#8243; &#8211; najwi\u0119kszego og\u00f3lnopolskiego badania cyfrowego \u017cycia m\u0142odzie\u017cy &#8211; a\u017c 4 na 10 dzieci jeszcze przed 9. urodzinami ma sw\u00f3j w\u0142asny telefon z dost\u0119pem do sieci. Komunia to w\u0142a\u015bnie ten moment. I w\u0142a\u015bnie dlatego decyzja zas\u0142uguje na chwil\u0119 refleksji.<\/span><\/p><h3><b>Argumenty ZA smartfonem<\/b><\/h3><ol><li><b> Bezpiecze\u0144stwo i kontakt z rodzicami<\/b><\/li><\/ol><p><span style=\"font-weight: 400;\">Najcz\u0119stszy argument rodzic\u00f3w &#8211; i ca\u0142kowicie uzasadniony. Smartfon daje dziecku mo\u017cliwo\u015b\u0107 szybkiego kontaktu w razie potrzeby, a rodzicowi lokalizacj\u0119 i spok\u00f3j ducha. Dla dziecka, kt\u00f3re zaczyna chodzi\u0107 samo do szko\u0142y lub na zaj\u0119cia, to realny argument.<\/span><\/p><ol start=\"2\"><li><b> Rozwijanie kompetencji cyfrowych<\/b><\/li><\/ol><p><span style=\"font-weight: 400;\">Telefon kom\u00f3rkowy, u\u017cywany z umiarem i pod kontrol\u0105 doros\u0142ych, mo\u017ce wspiera\u0107 rozw\u00f3j dziecka. Dost\u0119p do internetu i aplikacji edukacyjnych mo\u017ce rozwija\u0107 zdolno\u015b\u0107 szybkiego wyszukiwania informacji, uczy\u0107 analizy i por\u00f3wnywania danych, a tak\u017ce stymulowa\u0107 koordynacj\u0119 wzrokowo-ruchow\u0105.<\/span><\/p><ol start=\"3\"><li><b> Integracja z grup\u0105 r\u00f3wie\u015bnicz\u0105<\/b><\/li><\/ol><p><span style=\"font-weight: 400;\">Dzieci, kt\u00f3re nie maj\u0105 telefonu, mog\u0105 czu\u0107 si\u0119 wykluczone z grupowych rozm\u00f3w czy wsp\u00f3lnych aktywno\u015bci. W realiach 2026 roku smartfon sta\u0142 si\u0119 narz\u0119dziem komunikacji spo\u0142ecznej, nie tylko gad\u017cetem.<\/span><\/p><ol start=\"4\"><li><b> Lepiej uczy\u0107 ni\u017c zakazywa\u0107<\/b><\/li><\/ol><p><span style=\"font-weight: 400;\">Gdy dziecko ma telefon w domu, pod nadzorem rodzica, to bezpieczniejszy moment na nauk\u0119 odpowiedzialnego korzystania z technologii ni\u017c p\u00f3\u017aniejszy, samodzielny kontakt z internetem poza domem.<\/span><\/p><h3><b>Argumenty PRZECIW smartfonowi<\/b><\/h3><ol><li><b> Powa\u017cne zagro\u017cenia dla zdrowia psychicznego<\/b><\/li><\/ol><p><span style=\"font-weight: 400;\">To nie opinia, to wyniki bada\u0144. Mi\u0119dzynarodowe badanie obejmuj\u0105ce niemal dwa miliony dzieci ze 163 kraj\u00f3w potwierdzi\u0142o, \u017ce u\u017cywanie smartfon\u00f3w przed 13. rokiem \u017cycia drastycznie pogarsza zdrowie psychiczne m\u0142odych ludzi. Obni\u017ca samoocen\u0119, upo\u015bledza zdolno\u015b\u0107 radzenia sobie z emocjami i prowadzi do my\u015bli samob\u00f3jczych. Ka\u017cdy rok wcze\u015bniejszego kontaktu ze smartfonem to kolejny stopie\u0144 degradacji zdrowia psychicznego <\/span><a href=\"https:\/\/spidersweb.pl\/2025\/10\/smartfon-przed-13-urodzinami-problem.html\"><span style=\"font-weight: 400;\">Spider&#8217;s Web<\/span><\/a><span style=\"font-weight: 400;\">.<\/span><\/p><ol start=\"2\"><li><b> Depresja, oty\u0142o\u015b\u0107 i brak snu<\/b><\/li><\/ol><p><span style=\"font-weight: 400;\">Badanie Ameryka\u0144skiej Akademii Pediatrii wykaza\u0142o, \u017ce u dzieci, kt\u00f3re wcze\u015bnie dosta\u0142y smartfony i regularnie ich u\u017cywa\u0142y, cz\u0119\u015bciej wyst\u0119powa\u0142a depresja, oty\u0142o\u015b\u0107 i niedostateczna ilo\u015b\u0107 snu. Eksperci zalecaj\u0105 ograniczenie dost\u0119pu do smartfon\u00f3w co najmniej do uko\u0144czenia 12. roku \u017cycia.<\/span><\/p><ol start=\"3\"><li><b> Przepa\u015b\u0107 mi\u0119dzy tym, co widz\u0105 rodzice, a rzeczywisto\u015bci\u0105<\/b><\/li><\/ol><p><span style=\"font-weight: 400;\">Raport NASK pokazuje dramatyczn\u0105 luk\u0119. 58% rodzic\u00f3w deklaruje, \u017ce kontroluje dost\u0119p dzieci do niebezpiecznych tre\u015bci. Niestety, tylko 18% nastolatk\u00f3w potwierdza, \u017ce rzeczywi\u015bcie odczuwa skuteczny nadz\u00f3r. My\u015blimy, \u017ce kontrolujemy. Dzieci wiedz\u0105, \u017ce nie.<\/span><\/p><ol start=\"4\"><li><b> Wcze\u015bniejszy kontakt z pornografi\u0105<\/b><\/li><\/ol><p><span style=\"font-weight: 400;\">Jednym z najpowa\u017cniejszych problem\u00f3w jest coraz wcze\u015bniejszy kontakt z pornografi\u0105. \u015aredni wiek wynosi obecnie 11 lat i 3 miesi\u0105ce. W\u015br\u00f3d nastolatk\u00f3w, kt\u00f3re spotka\u0142y si\u0119 z takimi tre\u015bciami, jedna trzecia ogl\u0105da je regularnie <\/span><a href=\"https:\/\/www.nask.pl\/aktualnosci\/co-dzieci-robia-w-sieci-nowy-raport-nastolatki\"><span style=\"font-weight: 400;\">NASK<\/span><\/a><span style=\"font-weight: 400;\">.<\/span><\/p><ol start=\"5\"><li><b> Uzale\u017cnienie od ekranu<\/b><\/li><\/ol><p><span style=\"font-weight: 400;\">Problemy ze snem, rozregulowana koncentracja, zwi\u0119kszona dra\u017cliwo\u015b\u0107 &#8211; to objawy najcz\u0119\u015bciej \u0142\u0105czone z przebod\u017acowaniem i izolacj\u0105 spo\u0142eczn\u0105. Wysokie zaanga\u017cowanie w media spo\u0142eczno\u015bciowe wi\u0105\u017ce si\u0119 cz\u0119sto z obni\u017con\u0105 samoocen\u0105, trudno\u015bciami emocjonalnymi i objawami l\u0119kowymi <\/span><a href=\"https:\/\/onauce.ump.edu.pl\/2025\/08\/23\/smartfon\/\"><span style=\"font-weight: 400;\">Nauka i Zdrowie<\/span><\/a><span style=\"font-weight: 400;\">.<\/span><\/p><h3><b>Je\u015bli decydujesz si\u0119 na smartfon zr\u00f3b to m\u0105drze<\/b><\/h3><p><b>Przed wr\u0119czeniem:<\/b><span style=\"font-weight: 400;\"> porozmawiaj z dzieckiem o zasadach. Kiedy mo\u017cna u\u017cywa\u0107, jakich aplikacji nie instaluje samodzielnie, co robi\u0107 gdy obcy pisze prywatnie, \u017ce zawsze mo\u017ce przyj\u015b\u0107 z problemem bez strachu przed kar\u0105. Najlepiej stw\u00f3rzcie i podpiszcie kontrakt.<\/span><\/p><p><b>Ustaw kontrol\u0119 rodzicielsk\u0105 zanim oddasz telefon:<\/b><\/p><ul><li style=\"font-weight: 400;\" aria-level=\"1\"><b>Android<\/b><span style=\"font-weight: 400;\">: Google Family Link (bezp\u0142atny): limity czasu, harmonogram snu, blokada aplikacji, lokalizacja<\/span><\/li><li style=\"font-weight: 400;\" aria-level=\"1\"><b>iPhone<\/b><span style=\"font-weight: 400;\">: Screen Time: blokady tre\u015bci, limity aplikacji, zarz\u0105dzanie z telefonu rodzica<\/span><\/li><\/ul><p><b>Zablokuj media spo\u0142eczno\u015bciowe.<\/b><span style=\"font-weight: 400;\"> Regulaminy TikToka, Instagrama i Snapchata wymagaj\u0105 13 lat. To nie jest kwestia opinii.<\/span><\/p><p><b>Zostaw telefon poza sypialni\u0105.<\/b><span style=\"font-weight: 400;\"> Algorytmy wiedz\u0105, \u017ce zm\u0119czone dziecko to \u0142atwiejszy cel.<\/span><\/p><p><b>B\u0105d\u017a przyk\u0142adem.<\/b><span style=\"font-weight: 400;\"> Dzieci ucz\u0105 si\u0119 przez obserwacj\u0119. Je\u015bli codzienno\u015bci\u0105 rodzica jest patrzenie w ekran, dziecko &#8211; nawet nie\u015bwiadomie &#8211; uzna to za norm\u0119!<\/span><\/p><h3><b>Rozwa\u017c smartwatch jako alternatyw\u0119<\/b><\/h3><p><span style=\"font-weight: 400;\">Je\u015bli g\u0142\u00f3wnym celem jest bezpiecze\u0144stwo i kontakt, smartwatch to m\u0105dre rozwi\u0105zanie dla dziewi\u0119ciolatka. Zapewnia lokalizacj\u0119, kontakt z rodzicem i monitoring aktywno\u015bci, bez dost\u0119pu do medi\u00f3w spo\u0142eczno\u015bciowych i ca\u0142ego internetu. Dziecko czuje si\u0119 wyj\u0105tkowo, a rodzic spokojnie.<\/span><\/p><h3><b>Moja rekomendacja<\/b><\/h3><p><span style=\"font-weight: 400;\">Decyzja o smartfonie na komuni\u0119 to jedna z wa\u017cniejszych decyzji technologicznych, jak\u0105 podejmuje rodzic. I rozumiem ten dylemat, sama jestem mam\u0105.<\/span><\/p><p><span style=\"font-weight: 400;\">Badania s\u0105 jednoznaczne: im wcze\u015bniejszy kontakt ze smartfonem i mediami spo\u0142eczno\u015bciowymi, tym wy\u017csze ryzyko problem\u00f3w ze zdrowiem psychicznym. Ale zakaz sam w sobie nie rozwi\u0105zuje problemu, dziecko i tak zetknie si\u0119 z technologi\u0105 u kolegi, w szkole, na ulicy.<\/span><\/p><p><span style=\"font-weight: 400;\">Moj\u0105 rekomendacj\u0105 jest: <\/span><b>je\u015bli dajesz, dawaj \u015bwiadomie<\/b><span style=\"font-weight: 400;\">. Nie wystarczy kupi\u0107 telefon i powiedzie\u0107 'uwa\u017caj w internecie&#8217;. To jak danie dziecku samochodu z komentarzem 'jed\u017a ostro\u017cnie&#8217;.<\/span><\/p><p><span style=\"font-weight: 400;\">Zanim pude\u0142ko trafi w r\u0119ce dziecka, usi\u0105d\u017acie razem i om\u00f3wcie zasady, jak para partner\u00f3w, nie jak szef z podw\u0142adnym. Kontrola rodzicielska to obowi\u0105zek, nie opcja. I jedno zdanie, kt\u00f3re powtarzam ka\u017cdemu rodzicowi: <\/span><i><span style=\"font-weight: 400;\">upewnij si\u0119, \u017ce dziecko wie, \u017ce mo\u017ce przyj\u015b\u0107 do Ciebie z ka\u017cdym problemem w sieci i \u017ce nie straci przez to telefonu<\/span><\/i><span style=\"font-weight: 400;\">.<\/span><\/p><p><span style=\"font-weight: 400;\">To zdanie mo\u017ce kiedy\u015b uratowa\u0107 je od powa\u017cnej krzywdy.<\/span><\/p><p><i><span style=\"font-weight: 400;\">\u0179r\u00f3d\u0142a: Raport NASK \u201eNastolatki 2025&#8243;, Global Mind Project \u2013 Journal of Human Development and Capabilities (2025), Ameryka\u0144ska Akademia Pediatrii (2025), NASK Bezpieczny Dzie\u0144.<\/span><\/i><\/p>\t\t\t\t\t\t\t\t<\/div>\n\t\t\t\t<\/div>\n\t\t\t\t<div class=\"elementor-element elementor-element-962e18d elementor-widget elementor-widget-spacer\" data-id=\"962e18d\" data-element_type=\"widget\" data-widget_type=\"spacer.default\">\n\t\t\t\t<div class=\"elementor-widget-container\">\n\t\t\t\t\t\t\t<div class=\"elementor-spacer\">\n\t\t\t<div class=\"elementor-spacer-inner\"><\/div>\n\t\t<\/div>\n\t\t\t\t\t\t<\/div>\n\t\t\t\t<\/div>\n\t\t\t\t\t<\/div>\n\t\t\t\t<\/div>\n\t\t<div class=\"elementor-element elementor-element-98e9865 e-flex e-con-boxed e-con e-parent\" data-id=\"98e9865\" data-element_type=\"container\">\n\t\t\t\t\t<div class=\"e-con-inner\">\n\t\t\t\t<div class=\"elementor-element elementor-element-b1106ed elementor-widget elementor-widget-text-editor\" data-id=\"b1106ed\" data-element_type=\"widget\" data-widget_type=\"text-editor.default\">\n\t\t\t\t<div class=\"elementor-widget-container\">\n\t\t\t\t\t\t\t\t\t<p><b><img fetchpriority=\"high\" decoding=\"async\" class=\"wp-image-6752 size-medium alignleft\" src=\"https:\/\/itgirls.org.pl\/wp-content\/uploads\/2026\/03\/Posty-2025-6-240x300.png\" alt=\"\" width=\"240\" height=\"300\" srcset=\"https:\/\/itgirls.org.pl\/wp-content\/uploads\/2026\/03\/Posty-2025-6-240x300.png 240w, https:\/\/itgirls.org.pl\/wp-content\/uploads\/2026\/03\/Posty-2025-6-819x1024.png 819w, https:\/\/itgirls.org.pl\/wp-content\/uploads\/2026\/03\/Posty-2025-6-768x960.png 768w, https:\/\/itgirls.org.pl\/wp-content\/uploads\/2026\/03\/Posty-2025-6-10x12.png 10w, https:\/\/itgirls.org.pl\/wp-content\/uploads\/2026\/03\/Posty-2025-6.png 1080w\" sizes=\"(max-width: 240px) 100vw, 240px\" \/>O autorce<\/b><\/p><p><span style=\"font-weight: 400;\">Klaudia Topolska jest mam\u0105, ekspertk\u0105 ds. cyberbezpiecze\u0144stwa oraz aktywn\u0105 mentork\u0105 w programie ITGirls, gdzie wspiera kobiety oraz m\u0142odzie\u017c w nauce i rozwoju w \u015bwiecie technologii. Na co dzie\u0144, jako wolontariuszka i mentorka, obserwuje, jak dzieci i nastolatki poruszaj\u0105 si\u0119 w cyfrowym \u015bwiecie \u2013 ich ciekawo\u015b\u0107, pasje, a tak\u017ce wyzwania i pu\u0142apki, z kt\u00f3rymi si\u0119 mierz\u0105. \u0141\u0105czy wiedz\u0119 techniczn\u0105 z do\u015bwiadczeniem rodzica, pomagaj\u0105c rodzinom korzysta\u0107 z medi\u00f3w cyfrowych w spos\u00f3b \u015bwiadomy, bezpieczny i odpowiedzialny.<\/span><\/p>\t\t\t\t\t\t\t\t<\/div>\n\t\t\t\t<\/div>\n\t\t\t\t\t<\/div>\n\t\t\t\t<\/div>\n\t\t<div class=\"elementor-element elementor-element-b099543 e-flex e-con-boxed e-con e-parent\" data-id=\"b099543\" data-element_type=\"container\">\n\t\t\t\t\t<div class=\"e-con-inner\">\n\t\t\t\t\t<\/div>\n\t\t\t\t<\/div>\n\t\t\t\t<\/div>","protected":false},"excerpt":{"rendered":"<p>Smartfon na komuni\u0119 \u2013 czy to bezpieczny prezent? Poznaj argumenty za i przeciw oraz najnowsze badania NASK. Sprawd\u017a, jak wprowadzi\u0107 zasady i czy smartwatch to lepsza alternatywa dla 9-latka. Podejmij \u015bwiadom\u0105 decyzj\u0119 i chro\u0144 zdrowie psychiczne swojego dziecka.<\/p>","protected":false},"author":4,"featured_media":6992,"comment_status":"closed","ping_status":"closed","sticky":false,"template":"","format":"standard","meta":{"give_campaign_id":0,"footnotes":""},"categories":[1,29],"tags":[],"class_list":["post-6986","post","type-post","status-publish","format-standard","has-post-thumbnail","hentry","category-bez-kategorii","category-dzieci"],"blocksy_meta":[],"yoast_head":"<!-- This site is optimized with the Yoast SEO plugin v25.5 - https:\/\/yoast.com\/wordpress\/plugins\/seo\/ -->\n<title>Smartfon na komuni\u0119 \u2013 czy to dobry pomys\u0142? Argumenty za i przeciw - Fundacja IT Girls<\/title>\n<meta name=\"robots\" content=\"index, follow, max-snippet:-1, max-image-preview:large, max-video-preview:-1\" \/>\n<link rel=\"canonical\" href=\"https:\/\/itgirls.org.pl\/en\/smartfon-na-komunie-czy-to-dobry-pomysl-argumenty-za-i-przeciw\/\" \/>\n<meta property=\"og:locale\" content=\"en_GB\" \/>\n<meta property=\"og:type\" content=\"article\" \/>\n<meta property=\"og:title\" content=\"Smartfon na komuni\u0119 \u2013 czy to dobry pomys\u0142? Argumenty za i przeciw - Fundacja IT Girls\" \/>\n<meta property=\"og:description\" content=\"Smartfon na komuni\u0119 \u2013 czy to bezpieczny prezent? Poznaj argumenty za i przeciw oraz najnowsze badania NASK. Sprawd\u017a, jak wprowadzi\u0107 zasady i czy smartwatch to lepsza alternatywa dla 9-latka. Podejmij \u015bwiadom\u0105 decyzj\u0119 i chro\u0144 zdrowie psychiczne swojego dziecka.\" \/>\n<meta property=\"og:url\" content=\"https:\/\/itgirls.org.pl\/en\/smartfon-na-komunie-czy-to-dobry-pomysl-argumenty-za-i-przeciw\/\" \/>\n<meta property=\"og:site_name\" content=\"Fundacja IT Girls\" \/>\n<meta property=\"article:published_time\" content=\"2026-04-27T14:40:49+00:00\" \/>\n<meta property=\"article:modified_time\" content=\"2026-04-27T15:02:06+00:00\" \/>\n<meta property=\"og:image\" content=\"https:\/\/itgirls.org.pl\/wp-content\/uploads\/2026\/04\/grafiki-Strona-Blog-10.png\" \/>\n\t<meta property=\"og:image:width\" content=\"1920\" \/>\n\t<meta property=\"og:image:height\" content=\"1080\" \/>\n\t<meta property=\"og:image:type\" content=\"image\/png\" \/>\n<meta name=\"author\" content=\"Klaudia\" \/>\n<meta name=\"twitter:card\" content=\"summary_large_image\" \/>\n<meta name=\"twitter:label1\" content=\"Written by\" \/>\n\t<meta name=\"twitter:data1\" content=\"Klaudia\" \/>\n\t<meta name=\"twitter:label2\" content=\"Estimated reading time\" \/>\n\t<meta name=\"twitter:data2\" content=\"6 minutes\" \/>\n<script type=\"application\/ld+json\" class=\"yoast-schema-graph\">{\"@context\":\"https:\/\/schema.org\",\"@graph\":[{\"@type\":\"Article\",\"@id\":\"https:\/\/itgirls.org.pl\/smartfon-na-komunie-czy-to-dobry-pomysl-argumenty-za-i-przeciw\/#article\",\"isPartOf\":{\"@id\":\"https:\/\/itgirls.org.pl\/smartfon-na-komunie-czy-to-dobry-pomysl-argumenty-za-i-przeciw\/\"},\"author\":{\"name\":\"Klaudia\",\"@id\":\"https:\/\/itgirls.org.pl\/en\/#\/schema\/person\/67644ab7c4f8842c51f94ff16af19cfe\"},\"headline\":\"Smartfon na komuni\u0119 \u2013 czy to dobry pomys\u0142? Argumenty za i przeciw\",\"datePublished\":\"2026-04-27T14:40:49+00:00\",\"dateModified\":\"2026-04-27T15:02:06+00:00\",\"mainEntityOfPage\":{\"@id\":\"https:\/\/itgirls.org.pl\/smartfon-na-komunie-czy-to-dobry-pomysl-argumenty-za-i-przeciw\/\"},\"wordCount\":1044,\"publisher\":{\"@id\":\"https:\/\/itgirls.org.pl\/en\/#organization\"},\"image\":{\"@id\":\"https:\/\/itgirls.org.pl\/smartfon-na-komunie-czy-to-dobry-pomysl-argumenty-za-i-przeciw\/#primaryimage\"},\"thumbnailUrl\":\"https:\/\/itgirls.org.pl\/wp-content\/uploads\/2026\/04\/grafiki-Strona-Blog-10.png\",\"articleSection\":[\"Bez kategorii\",\"Dzieci\"],\"inLanguage\":\"en-GB\"},{\"@type\":\"WebPage\",\"@id\":\"https:\/\/itgirls.org.pl\/smartfon-na-komunie-czy-to-dobry-pomysl-argumenty-za-i-przeciw\/\",\"url\":\"https:\/\/itgirls.org.pl\/smartfon-na-komunie-czy-to-dobry-pomysl-argumenty-za-i-przeciw\/\",\"name\":\"Smartfon na komuni\u0119 \u2013 czy to dobry pomys\u0142? Argumenty za i przeciw - Fundacja IT Girls\",\"isPartOf\":{\"@id\":\"https:\/\/itgirls.org.pl\/en\/#website\"},\"primaryImageOfPage\":{\"@id\":\"https:\/\/itgirls.org.pl\/smartfon-na-komunie-czy-to-dobry-pomysl-argumenty-za-i-przeciw\/#primaryimage\"},\"image\":{\"@id\":\"https:\/\/itgirls.org.pl\/smartfon-na-komunie-czy-to-dobry-pomysl-argumenty-za-i-przeciw\/#primaryimage\"},\"thumbnailUrl\":\"https:\/\/itgirls.org.pl\/wp-content\/uploads\/2026\/04\/grafiki-Strona-Blog-10.png\",\"datePublished\":\"2026-04-27T14:40:49+00:00\",\"dateModified\":\"2026-04-27T15:02:06+00:00\",\"breadcrumb\":{\"@id\":\"https:\/\/itgirls.org.pl\/smartfon-na-komunie-czy-to-dobry-pomysl-argumenty-za-i-przeciw\/#breadcrumb\"},\"inLanguage\":\"en-GB\",\"potentialAction\":[{\"@type\":\"ReadAction\",\"target\":[\"https:\/\/itgirls.org.pl\/smartfon-na-komunie-czy-to-dobry-pomysl-argumenty-za-i-przeciw\/\"]}]},{\"@type\":\"ImageObject\",\"inLanguage\":\"en-GB\",\"@id\":\"https:\/\/itgirls.org.pl\/smartfon-na-komunie-czy-to-dobry-pomysl-argumenty-za-i-przeciw\/#primaryimage\",\"url\":\"https:\/\/itgirls.org.pl\/wp-content\/uploads\/2026\/04\/grafiki-Strona-Blog-10.png\",\"contentUrl\":\"https:\/\/itgirls.org.pl\/wp-content\/uploads\/2026\/04\/grafiki-Strona-Blog-10.png\",\"width\":1920,\"height\":1080,\"caption\":\"Smartfon na komuni\u0119 \u2013 czy to dobry pomys\u0142? Argumenty za i przeciw\"},{\"@type\":\"BreadcrumbList\",\"@id\":\"https:\/\/itgirls.org.pl\/smartfon-na-komunie-czy-to-dobry-pomysl-argumenty-za-i-przeciw\/#breadcrumb\",\"itemListElement\":[{\"@type\":\"ListItem\",\"position\":1,\"name\":\"Strona g\u0142\u00f3wna\",\"item\":\"https:\/\/itgirls.org.pl\/\"},{\"@type\":\"ListItem\",\"position\":2,\"name\":\"Smartfon na komuni\u0119 \u2013 czy to dobry pomys\u0142? Argumenty za i przeciw\"}]},{\"@type\":\"WebSite\",\"@id\":\"https:\/\/itgirls.org.pl\/en\/#website\",\"url\":\"https:\/\/itgirls.org.pl\/en\/\",\"name\":\"Fundacja IT Girls\",\"description\":\"\",\"publisher\":{\"@id\":\"https:\/\/itgirls.org.pl\/en\/#organization\"},\"potentialAction\":[{\"@type\":\"SearchAction\",\"target\":{\"@type\":\"EntryPoint\",\"urlTemplate\":\"https:\/\/itgirls.org.pl\/en\/?s={search_term_string}\"},\"query-input\":{\"@type\":\"PropertyValueSpecification\",\"valueRequired\":true,\"valueName\":\"search_term_string\"}}],\"inLanguage\":\"en-GB\"},{\"@type\":\"Organization\",\"@id\":\"https:\/\/itgirls.org.pl\/en\/#organization\",\"name\":\"Fundacja IT Girls\",\"url\":\"https:\/\/itgirls.org.pl\/en\/\",\"logo\":{\"@type\":\"ImageObject\",\"inLanguage\":\"en-GB\",\"@id\":\"https:\/\/itgirls.org.pl\/en\/#\/schema\/logo\/image\/\",\"url\":\"https:\/\/itgirls.org.pl\/wp-content\/uploads\/2025\/02\/it_logo.webp\",\"contentUrl\":\"https:\/\/itgirls.org.pl\/wp-content\/uploads\/2025\/02\/it_logo.webp\",\"width\":199,\"height\":98,\"caption\":\"Fundacja IT Girls\"},\"image\":{\"@id\":\"https:\/\/itgirls.org.pl\/en\/#\/schema\/logo\/image\/\"}},{\"@type\":\"Person\",\"@id\":\"https:\/\/itgirls.org.pl\/en\/#\/schema\/person\/67644ab7c4f8842c51f94ff16af19cfe\",\"name\":\"Klaudia\",\"url\":\"https:\/\/itgirls.org.pl\/en\/author\/klaudia\/\"}]}<\/script>\n<!-- \/ Yoast SEO plugin. -->","yoast_head_json":{"title":"Smartfon na komuni\u0119 \u2013 czy to dobry pomys\u0142? Argumenty za i przeciw - Fundacja IT Girls","robots":{"index":"index","follow":"follow","max-snippet":"max-snippet:-1","max-image-preview":"max-image-preview:large","max-video-preview":"max-video-preview:-1"},"canonical":"https:\/\/itgirls.org.pl\/en\/smartfon-na-komunie-czy-to-dobry-pomysl-argumenty-za-i-przeciw\/","og_locale":"en_GB","og_type":"article","og_title":"Smartfon na komuni\u0119 \u2013 czy to dobry pomys\u0142? Argumenty za i przeciw - Fundacja IT Girls","og_description":"Smartfon na komuni\u0119 \u2013 czy to bezpieczny prezent? Poznaj argumenty za i przeciw oraz najnowsze badania NASK. Sprawd\u017a, jak wprowadzi\u0107 zasady i czy smartwatch to lepsza alternatywa dla 9-latka. Podejmij \u015bwiadom\u0105 decyzj\u0119 i chro\u0144 zdrowie psychiczne swojego dziecka.","og_url":"https:\/\/itgirls.org.pl\/en\/smartfon-na-komunie-czy-to-dobry-pomysl-argumenty-za-i-przeciw\/","og_site_name":"Fundacja IT Girls","article_published_time":"2026-04-27T14:40:49+00:00","article_modified_time":"2026-04-27T15:02:06+00:00","og_image":[{"width":1920,"height":1080,"url":"https:\/\/itgirls.org.pl\/wp-content\/uploads\/2026\/04\/grafiki-Strona-Blog-10.png","type":"image\/png"}],"author":"Klaudia","twitter_card":"summary_large_image","twitter_misc":{"Written by":"Klaudia","Estimated reading time":"6 minutes"},"schema":{"@context":"https:\/\/schema.org","@graph":[{"@type":"Article","@id":"https:\/\/itgirls.org.pl\/smartfon-na-komunie-czy-to-dobry-pomysl-argumenty-za-i-przeciw\/#article","isPartOf":{"@id":"https:\/\/itgirls.org.pl\/smartfon-na-komunie-czy-to-dobry-pomysl-argumenty-za-i-przeciw\/"},"author":{"name":"Klaudia","@id":"https:\/\/itgirls.org.pl\/en\/#\/schema\/person\/67644ab7c4f8842c51f94ff16af19cfe"},"headline":"Smartfon na komuni\u0119 \u2013 czy to dobry pomys\u0142? Argumenty za i przeciw","datePublished":"2026-04-27T14:40:49+00:00","dateModified":"2026-04-27T15:02:06+00:00","mainEntityOfPage":{"@id":"https:\/\/itgirls.org.pl\/smartfon-na-komunie-czy-to-dobry-pomysl-argumenty-za-i-przeciw\/"},"wordCount":1044,"publisher":{"@id":"https:\/\/itgirls.org.pl\/en\/#organization"},"image":{"@id":"https:\/\/itgirls.org.pl\/smartfon-na-komunie-czy-to-dobry-pomysl-argumenty-za-i-przeciw\/#primaryimage"},"thumbnailUrl":"https:\/\/itgirls.org.pl\/wp-content\/uploads\/2026\/04\/grafiki-Strona-Blog-10.png","articleSection":["Bez kategorii","Dzieci"],"inLanguage":"en-GB"},{"@type":"WebPage","@id":"https:\/\/itgirls.org.pl\/smartfon-na-komunie-czy-to-dobry-pomysl-argumenty-za-i-przeciw\/","url":"https:\/\/itgirls.org.pl\/smartfon-na-komunie-czy-to-dobry-pomysl-argumenty-za-i-przeciw\/","name":"Smartfon na komuni\u0119 \u2013 czy to dobry pomys\u0142? Argumenty za i przeciw - Fundacja IT Girls","isPartOf":{"@id":"https:\/\/itgirls.org.pl\/en\/#website"},"primaryImageOfPage":{"@id":"https:\/\/itgirls.org.pl\/smartfon-na-komunie-czy-to-dobry-pomysl-argumenty-za-i-przeciw\/#primaryimage"},"image":{"@id":"https:\/\/itgirls.org.pl\/smartfon-na-komunie-czy-to-dobry-pomysl-argumenty-za-i-przeciw\/#primaryimage"},"thumbnailUrl":"https:\/\/itgirls.org.pl\/wp-content\/uploads\/2026\/04\/grafiki-Strona-Blog-10.png","datePublished":"2026-04-27T14:40:49+00:00","dateModified":"2026-04-27T15:02:06+00:00","breadcrumb":{"@id":"https:\/\/itgirls.org.pl\/smartfon-na-komunie-czy-to-dobry-pomysl-argumenty-za-i-przeciw\/#breadcrumb"},"inLanguage":"en-GB","potentialAction":[{"@type":"ReadAction","target":["https:\/\/itgirls.org.pl\/smartfon-na-komunie-czy-to-dobry-pomysl-argumenty-za-i-przeciw\/"]}]},{"@type":"ImageObject","inLanguage":"en-GB","@id":"https:\/\/itgirls.org.pl\/smartfon-na-komunie-czy-to-dobry-pomysl-argumenty-za-i-przeciw\/#primaryimage","url":"https:\/\/itgirls.org.pl\/wp-content\/uploads\/2026\/04\/grafiki-Strona-Blog-10.png","contentUrl":"https:\/\/itgirls.org.pl\/wp-content\/uploads\/2026\/04\/grafiki-Strona-Blog-10.png","width":1920,"height":1080,"caption":"Smartfon na komuni\u0119 \u2013 czy to dobry pomys\u0142? Argumenty za i przeciw"},{"@type":"BreadcrumbList","@id":"https:\/\/itgirls.org.pl\/smartfon-na-komunie-czy-to-dobry-pomysl-argumenty-za-i-przeciw\/#breadcrumb","itemListElement":[{"@type":"ListItem","position":1,"name":"Strona g\u0142\u00f3wna","item":"https:\/\/itgirls.org.pl\/"},{"@type":"ListItem","position":2,"name":"Smartfon na komuni\u0119 \u2013 czy to dobry pomys\u0142? Argumenty za i przeciw"}]},{"@type":"WebSite","@id":"https:\/\/itgirls.org.pl\/en\/#website","url":"https:\/\/itgirls.org.pl\/en\/","name":"IT Girls Foundation","description":"","publisher":{"@id":"https:\/\/itgirls.org.pl\/en\/#organization"},"potentialAction":[{"@type":"SearchAction","target":{"@type":"EntryPoint","urlTemplate":"https:\/\/itgirls.org.pl\/en\/?s={search_term_string}"},"query-input":{"@type":"PropertyValueSpecification","valueRequired":true,"valueName":"search_term_string"}}],"inLanguage":"en-GB"},{"@type":"Organization","@id":"https:\/\/itgirls.org.pl\/en\/#organization","name":"IT Girls Foundation","url":"https:\/\/itgirls.org.pl\/en\/","logo":{"@type":"ImageObject","inLanguage":"en-GB","@id":"https:\/\/itgirls.org.pl\/en\/#\/schema\/logo\/image\/","url":"https:\/\/itgirls.org.pl\/wp-content\/uploads\/2025\/02\/it_logo.webp","contentUrl":"https:\/\/itgirls.org.pl\/wp-content\/uploads\/2025\/02\/it_logo.webp","width":199,"height":98,"caption":"Fundacja IT Girls"},"image":{"@id":"https:\/\/itgirls.org.pl\/en\/#\/schema\/logo\/image\/"}},{"@type":"Person","@id":"https:\/\/itgirls.org.pl\/en\/#\/schema\/person\/67644ab7c4f8842c51f94ff16af19cfe","name":"Klaudia","url":"https:\/\/itgirls.org.pl\/en\/author\/klaudia\/"}]}},"_links":{"self":[{"href":"https:\/\/itgirls.org.pl\/en\/wp-json\/wp\/v2\/posts\/6986","targetHints":{"allow":["GET"]}}],"collection":[{"href":"https:\/\/itgirls.org.pl\/en\/wp-json\/wp\/v2\/posts"}],"about":[{"href":"https:\/\/itgirls.org.pl\/en\/wp-json\/wp\/v2\/types\/post"}],"author":[{"embeddable":true,"href":"https:\/\/itgirls.org.pl\/en\/wp-json\/wp\/v2\/users\/4"}],"replies":[{"embeddable":true,"href":"https:\/\/itgirls.org.pl\/en\/wp-json\/wp\/v2\/comments?post=6986"}],"version-history":[{"count":0,"href":"https:\/\/itgirls.org.pl\/en\/wp-json\/wp\/v2\/posts\/6986\/revisions"}],"wp:featuredmedia":[{"embeddable":true,"href":"https:\/\/itgirls.org.pl\/en\/wp-json\/wp\/v2\/media\/6992"}],"wp:attachment":[{"href":"https:\/\/itgirls.org.pl\/en\/wp-json\/wp\/v2\/media?parent=6986"}],"wp:term":[{"taxonomy":"category","embeddable":true,"href":"https:\/\/itgirls.org.pl\/en\/wp-json\/wp\/v2\/categories?post=6986"},{"taxonomy":"post_tag","embeddable":true,"href":"https:\/\/itgirls.org.pl\/en\/wp-json\/wp\/v2\/tags?post=6986"}],"curies":[{"name":"wp","href":"https:\/\/api.w.org\/{rel}","templated":true}]}}